{"id":280,"date":"2026-04-29T18:11:06","date_gmt":"2026-04-29T18:11:06","guid":{"rendered":"https:\/\/vserlach.ac.at\/?p=280"},"modified":"2026-04-29T18:11:06","modified_gmt":"2026-04-29T18:11:06","slug":"1-klasse-sammelt-muell","status":"publish","type":"post","link":"https:\/\/vserlach.ac.at\/?p=280","title":{"rendered":"1. Klasse sammelt M\u00fcll"},"content":{"rendered":"\n<p>Die erste Klasse war besonders flei\u00dfig und hat im Rahmen der Flurreinigung mitgeholfen. Mit gro\u00dfer Begeisterung und viel Einsatz sammelten die Kinder M\u00fcll in der Umgebung der Schule. <\/p>\n\n\n\n<p>Ausgestattet mit Handschuhen und M\u00fclls\u00e4cken machten sich die Sch\u00fclerinnen und Sch\u00fcler auf den Weg und staunten nicht schlecht, was alles achtlos weggeworfen wurde. Umso motivierter waren sie, die Natur wieder ein St\u00fcck sauberer zu machen. <\/p>\n\n\n\n<p>Die Aktion war nicht nur ein wertvoller Beitrag zum Umweltschutz, sondern auch eine tolle Gelegenheit, den Kindern den verantwortungsvollen Umgang mit unserer Umwelt n\u00e4herzubringen. Wir sind stolz auf das Engagement unserer j\u00fcngsten Sch\u00fclerinnen und Sch\u00fcler!<\/p>\n\n\n\n<figure class=\"wp-block-image size-full\"><img loading=\"lazy\" decoding=\"async\" width=\"800\" height=\"600\" src=\"https:\/\/vserlach.ac.at\/wp-content\/uploads\/2026\/04\/Flurreinigung-2.jpg\" alt=\"\" class=\"wp-image-284\" srcset=\"https:\/\/vserlach.ac.at\/wp-content\/uploads\/2026\/04\/Flurreinigung-2.jpg 800w, https:\/\/vserlach.ac.at\/wp-content\/uploads\/2026\/04\/Flurreinigung-2-300x225.jpg 300w, https:\/\/vserlach.ac.at\/wp-content\/uploads\/2026\/04\/Flurreinigung-2-768x576.jpg 768w\" sizes=\"auto, (max-width: 800px) 100vw, 800px\" \/><\/figure>\n","protected":false},"excerpt":{"rendered":"<p>Die erste Klasse war besonders flei\u00dfig und hat im Rahmen der Flurreinigung mitgeholfen. Mit gro\u00dfer Begeisterung und viel Einsatz sammelten die Kinder M\u00fcll in der Umgebung der Schule. Ausgestattet mit Handschuhen und M\u00fclls\u00e4cken machten sich die Sch\u00fclerinnen und Sch\u00fcler auf den Weg und staunten nicht schlecht, was alles achtlos weggeworfen wurde. Umso motivierter waren sie, &hellip; <a href=\"https:\/\/vserlach.ac.at\/?p=280\" class=\"more-link\"><span class=\"screen-reader-text\">1. Klasse sammelt M\u00fcll<\/span> weiterlesen <span class=\"meta-nav\">&rarr;<\/span><\/a><\/p>\n","protected":false},"author":16,"featured_media":0,"comment_status":"closed","ping_status":"","sticky":false,"template":"","format":"standard","meta":{"footnotes":""},"categories":[1],"tags":[],"class_list":["post-280","post","type-post","status-publish","format-standard","hentry","category-uncategorized"],"_links":{"self":[{"href":"https:\/\/vserlach.ac.at\/index.php?rest_route=\/wp\/v2\/posts\/280","targetHints":{"allow":["GET"]}}],"collection":[{"href":"https:\/\/vserlach.ac.at\/index.php?rest_route=\/wp\/v2\/posts"}],"about":[{"href":"https:\/\/vserlach.ac.at\/index.php?rest_route=\/wp\/v2\/types\/post"}],"author":[{"embeddable":true,"href":"https:\/\/vserlach.ac.at\/index.php?rest_route=\/wp\/v2\/users\/16"}],"replies":[{"embeddable":true,"href":"https:\/\/vserlach.ac.at\/index.php?rest_route=%2Fwp%2Fv2%2Fcomments&post=280"}],"version-history":[{"count":2,"href":"https:\/\/vserlach.ac.at\/index.php?rest_route=\/wp\/v2\/posts\/280\/revisions"}],"predecessor-version":[{"id":285,"href":"https:\/\/vserlach.ac.at\/index.php?rest_route=\/wp\/v2\/posts\/280\/revisions\/285"}],"wp:attachment":[{"href":"https:\/\/vserlach.ac.at\/index.php?rest_route=%2Fwp%2Fv2%2Fmedia&parent=280"}],"wp:term":[{"taxonomy":"category","embeddable":true,"href":"https:\/\/vserlach.ac.at\/index.php?rest_route=%2Fwp%2Fv2%2Fcategories&post=280"},{"taxonomy":"post_tag","embeddable":true,"href":"https:\/\/vserlach.ac.at\/index.php?rest_route=%2Fwp%2Fv2%2Ftags&post=280"}],"curies":[{"name":"wp","href":"https:\/\/api.w.org\/{rel}","templated":true}]}}